{"id":815,"date":"2020-10-08T13:20:04","date_gmt":"2020-10-08T11:20:04","guid":{"rendered":"http:\/\/nejikanbonsai.fr\/?p=815"},"modified":"2020-10-09T20:45:24","modified_gmt":"2020-10-09T18:45:24","slug":"le-studio-nejikan-bonsai","status":"publish","type":"post","link":"https:\/\/nejikanbonsai.fr\/index.php\/2020\/10\/08\/le-studio-nejikan-bonsai\/","title":{"rendered":"Les bonsa\u00ef du Parc Floral"},"content":{"rendered":"\n<p>La collection de bonsai du Parc Floral est la plus ancienne publique  d&rsquo;Europe. Jean-Yves Lamusset et venu me voir \u00e0 Bordeaux pour me pr\u00e9senter son livre, sur lequel il a travaill\u00e9 pendant un an et demi.  Il nous propose de faire un \u00e9tat des lieux de cette collection, avec un rappel historique mais aussi quelques rappels basiques sur l&rsquo;art du bonsa\u00ef. Gr\u00e2ce  \u00e0 ce livre, Jean-Yves souhaite attirer l&rsquo;attention du public afin de pr\u00e9server cette collection et d&rsquo;apporter une attention toute particuli\u00e8re aux soins des arbres qui la compose. <\/p>\n\n\n\n<p>N&rsquo;h\u00e9sitez pas et foncez acheter ce livre, vous pouvez le commandez en librairie ou sur le lien ci-dessous, vous ne serez pas d\u00e9\u00e7u. <\/p>\n\n\n\n<p>Pour vous procurer le livre \ud83d\udc49\ud83c\udffb https:\/\/www.utip.io\/bonsaiculture\/bonsaiduparcfloral<\/p>\n\n\n\n<figure class=\"wp-block-embed-youtube wp-block-embed is-type-video is-provider-youtube wp-embed-aspect-16-9 wp-has-aspect-ratio\"><div class=\"wp-block-embed__wrapper\">\n<iframe  id=\"_ytid_28796\"  width=\"700\" height=\"393\"  data-origwidth=\"700\" data-origheight=\"393\" src=\"https:\/\/www.youtube.com\/embed\/aTXCGb7NCxU?enablejsapi=1&#038;autoplay=0&#038;cc_load_policy=0&#038;cc_lang_pref=&#038;iv_load_policy=1&#038;loop=0&#038;rel=1&#038;fs=1&#038;playsinline=0&#038;autohide=2&#038;theme=dark&#038;color=white&#038;controls=1&#038;\" class=\"__youtube_prefs__  epyt-is-override  no-lazyload\" title=\"YouTube player\"  allow=\"fullscreen; accelerometer; autoplay; clipboard-write; encrypted-media; gyroscope; picture-in-picture\" allowfullscreen data-no-lazy=\"1\" data-skipgform_ajax_framebjll=\"\"><\/iframe>\n<\/div><\/figure>\n","protected":false},"excerpt":{"rendered":"<p>La collection de bonsai du Parc Floral est la plus ancienne publique d&rsquo;Europe. Jean-Yves Lamusset et venu me voir \u00e0 Bordeaux pour me pr\u00e9senter son livre, sur lequel il a travaill\u00e9 pendant un an et demi. Il nous propose de &hellip; <a class=\"kt-excerpt-readmore more-link\" href=\"https:\/\/nejikanbonsai.fr\/index.php\/2020\/10\/08\/le-studio-nejikan-bonsai\/\">Lire la suite<\/a><\/p>\n","protected":false},"author":4,"featured_media":854,"comment_status":"open","ping_status":"open","sticky":false,"template":"","format":"standard","meta":{"_bbp_topic_count":0,"_bbp_reply_count":0,"_bbp_total_topic_count":0,"_bbp_total_reply_count":0,"_bbp_voice_count":0,"_bbp_anonymous_reply_count":0,"_bbp_topic_count_hidden":0,"_bbp_reply_count_hidden":0,"_bbp_forum_subforum_count":0,"kt_blocks_editor_width":"","footnotes":""},"categories":[28,27],"tags":[],"class_list":["post-815","post","type-post","status-publish","format-standard","has-post-thumbnail","hentry","category-livre","category-video"],"_links":{"self":[{"href":"https:\/\/nejikanbonsai.fr\/index.php\/wp-json\/wp\/v2\/posts\/815","targetHints":{"allow":["GET"]}}],"collection":[{"href":"https:\/\/nejikanbonsai.fr\/index.php\/wp-json\/wp\/v2\/posts"}],"about":[{"href":"https:\/\/nejikanbonsai.fr\/index.php\/wp-json\/wp\/v2\/types\/post"}],"author":[{"embeddable":true,"href":"https:\/\/nejikanbonsai.fr\/index.php\/wp-json\/wp\/v2\/users\/4"}],"replies":[{"embeddable":true,"href":"https:\/\/nejikanbonsai.fr\/index.php\/wp-json\/wp\/v2\/comments?post=815"}],"version-history":[{"count":6,"href":"https:\/\/nejikanbonsai.fr\/index.php\/wp-json\/wp\/v2\/posts\/815\/revisions"}],"predecessor-version":[{"id":966,"href":"https:\/\/nejikanbonsai.fr\/index.php\/wp-json\/wp\/v2\/posts\/815\/revisions\/966"}],"wp:featuredmedia":[{"embeddable":true,"href":"https:\/\/nejikanbonsai.fr\/index.php\/wp-json\/wp\/v2\/media\/854"}],"wp:attachment":[{"href":"https:\/\/nejikanbonsai.fr\/index.php\/wp-json\/wp\/v2\/media?parent=815"}],"wp:term":[{"taxonomy":"category","embeddable":true,"href":"https:\/\/nejikanbonsai.fr\/index.php\/wp-json\/wp\/v2\/categories?post=815"},{"taxonomy":"post_tag","embeddable":true,"href":"https:\/\/nejikanbonsai.fr\/index.php\/wp-json\/wp\/v2\/tags?post=815"}],"curies":[{"name":"wp","href":"https:\/\/api.w.org\/{rel}","templated":true}]}}